{"id":54773,"date":"2023-01-24T02:28:28","date_gmt":"2023-01-24T02:28:28","guid":{"rendered":"https:\/\/showbizztoday.com\/index.php\/2023\/01\/24\/public-private-entities-join-forces-to-launch-madrid-turismo-by-ifema-madrid\/"},"modified":"2023-01-24T02:28:28","modified_gmt":"2023-01-24T02:28:28","slug":"public-private-entities-be-part-of-forces-to-launch-madrid-turismo-by-ifema-madrid","status":"publish","type":"post","link":"https:\/\/showbizztoday.com\/index.php\/2023\/01\/24\/public-private-entities-be-part-of-forces-to-launch-madrid-turismo-by-ifema-madrid\/","title":{"rendered":"Public-private entities be part of forces to launch Madrid Turismo by IFEMA Madrid"},"content":{"rendered":"<p> [ad_1]<br \/>\n<\/p>\n<div>\n<img loading=\"lazy\" width=\"1920\" height=\"1280\" src=\"https:\/\/www.traveldailynews.com\/wp-content\/uploads\/2023\/01\/Madrid-Turismo-by-IFEMA-Madrid-2048x1365.jpg\" class=\"skip-lazy wp-post-image\" alt=\"\" decoding=\"async\" srcset=\"https:\/\/www.traveldailynews.com\/wp-content\/uploads\/2023\/01\/Madrid-Turismo-by-IFEMA-Madrid-2048x1365.jpg 2048w, https:\/\/www.traveldailynews.com\/wp-content\/uploads\/2023\/01\/Madrid-Turismo-by-IFEMA-Madrid-300x200.jpg 300w, https:\/\/www.traveldailynews.com\/wp-content\/uploads\/2023\/01\/Madrid-Turismo-by-IFEMA-Madrid-1024x683.jpg 1024w, https:\/\/www.traveldailynews.com\/wp-content\/uploads\/2023\/01\/Madrid-Turismo-by-IFEMA-Madrid-768x512.jpg 768w, https:\/\/www.traveldailynews.com\/wp-content\/uploads\/2023\/01\/Madrid-Turismo-by-IFEMA-Madrid-1536x1024.jpg 1536w, https:\/\/www.traveldailynews.com\/wp-content\/uploads\/2023\/01\/Madrid-Turismo-by-IFEMA-Madrid-740x493.jpg 740w\" sizes=\"auto, (max-width: 1920px) 100vw, 1920px\"\/> <\/p>\n<p>Front row, from left to proper: Mar de Miguel, Executive Vice-President of the Madrid Hotel Business Association (AEHM); Gabriel Garc\u00eda Alonso, President of AEHM; Juan Arrizabalaga, Director General of IFEMA MADRID; Almudena Ma\u00edllo, Councillor for Tourism, Madrid City Council; Marta Rivera de la Cruz, Regional Minister of Culture, Tourism and Sport of the Community of Madrid; Jos\u00e9 Luis Mart\u00ednez-Almeida, Mayor of Madrid; Isabel D\u00edaz Ayuso, President of the Community of Madrid; Jos\u00e9 Vicente de los Mozos, President of the Executive Committee of IFEMA MADRID; Andrea Levy, Delegate Councillor for Culture, Tourism and Sport of Madrid City Council; Daniel Mart\u00ednez, Deputy Regional Minister for Culture, Tourism and Sport of the Community of Madrid; Yolanda Perdomo, Director of Madrid Turismo by IFEMA Madrid; Miguel Garrido, President of the Madrid-CEOE Business Confederation (CEIM); \u00c1ngel Asensio, President of the Madrid Chamber of Commerce, Industry and Services; Jos\u00e9 Antonio Aparicio, President of the Madrid Hotel and Catering Industry; Juan Cierco Jim\u00e9nez de Parga, Corporate Director of IBERIA.<br \/>\nSecond row, from left to proper: Juan Jos\u00e9 Blardony, General Director of Madrid Hotels and Catering; Jos\u00e9 Luis M\u00e9ndez, Co-President of FEMAV; C\u00e9sar Guti\u00e9rrez Calvo, President of the Madrid Federation of Travel Agencies (FEMAV); David Abreu, President of the Professional Congress Organisation of Madrid (OPC Madrid); Juan Manuel Lominchar, Sales Manager of Marriott Auditorium Hotel; Alfonso del Poyo, Vice President Spain &amp; Latam for Meli\u00e1 Hotels International; Luis Mart\u00edn Izquierdo, General Director of Tourism of the Community of Madrid; Juan Manuel del Rey, President of the Association of Tablaos Flamencos de Madrid; Hugo Rovira, General Manager for Southern Europe of NH Hotels; Javier Fern\u00e1ndez Andrino, Chief International Retail &amp; Luxury Officer El Corte Ingl\u00e9s Department Store Ghk; Fernando Biel, Director of Marketing and Business Development of the National Association of Textile, Accessories and Leather Trade (ACOTEX); H\u00e9ctor Coronel, Director of Tourism of Madrid City Council; Isabel Santamarta, Vice-President of FEMAV; Michel Notten, Director of The Madrid Edition Hotel; and Laura Mart\u00ednez Cerro, Advisor to the Vice-Ministry of Culture, Tourism and Sport of the Community of Madrid.\n<\/p>\n<\/div>\n<p>[ad_2]<\/p>\n","protected":false},"excerpt":{"rendered":"<p>[ad_1] Front row, from left to proper: Mar de Miguel, Executive Vice-President of the Madrid Hotel Business Association (AEHM); Gabriel Garc\u00eda Alonso, President of AEHM; Juan Arrizabalaga, Director General of IFEMA MADRID; Almudena Ma\u00edllo, Councillor for Tourism, Madrid City Council; Marta Rivera de la Cruz, Regional Minister of Culture, Tourism and Sport of the Community [&hellip;]<\/p>\n","protected":false},"author":1,"featured_media":54775,"comment_status":"open","ping_status":"open","sticky":false,"template":"","format":"standard","meta":{"footnotes":""},"categories":[44],"tags":[],"class_list":{"0":"post-54773","1":"post","2":"type-post","3":"status-publish","4":"format-standard","5":"has-post-thumbnail","7":"category-tourism"},"_links":{"self":[{"href":"https:\/\/showbizztoday.com\/index.php\/wp-json\/wp\/v2\/posts\/54773","targetHints":{"allow":["GET"]}}],"collection":[{"href":"https:\/\/showbizztoday.com\/index.php\/wp-json\/wp\/v2\/posts"}],"about":[{"href":"https:\/\/showbizztoday.com\/index.php\/wp-json\/wp\/v2\/types\/post"}],"author":[{"embeddable":true,"href":"https:\/\/showbizztoday.com\/index.php\/wp-json\/wp\/v2\/users\/1"}],"replies":[{"embeddable":true,"href":"https:\/\/showbizztoday.com\/index.php\/wp-json\/wp\/v2\/comments?post=54773"}],"version-history":[{"count":0,"href":"https:\/\/showbizztoday.com\/index.php\/wp-json\/wp\/v2\/posts\/54773\/revisions"}],"wp:featuredmedia":[{"embeddable":true,"href":"https:\/\/showbizztoday.com\/index.php\/wp-json\/wp\/v2\/media\/54775"}],"wp:attachment":[{"href":"https:\/\/showbizztoday.com\/index.php\/wp-json\/wp\/v2\/media?parent=54773"}],"wp:term":[{"taxonomy":"category","embeddable":true,"href":"https:\/\/showbizztoday.com\/index.php\/wp-json\/wp\/v2\/categories?post=54773"},{"taxonomy":"post_tag","embeddable":true,"href":"https:\/\/showbizztoday.com\/index.php\/wp-json\/wp\/v2\/tags?post=54773"}],"curies":[{"name":"wp","href":"https:\/\/api.w.org\/{rel}","templated":true}]}}